{"id":43377,"date":"2026-03-18T09:22:49","date_gmt":"2026-03-18T08:22:49","guid":{"rendered":"https:\/\/www.notesdestyles.com\/blog\/?p=43377"},"modified":"2026-03-18T09:47:50","modified_gmt":"2026-03-18T08:47:50","slug":"notes-de-styles-ouvre-une-agence-darchitecture-dinterieur-au-puy-en-velay-et-a-saint-etienne","status":"publish","type":"post","link":"https:\/\/www.notesdestyles.com\/blog\/notes-de-styles-ouvre-une-agence-darchitecture-dinterieur-au-puy-en-velay-et-a-saint-etienne\/","title":{"rendered":"Notes de Styles ouvre une agence d\u2019architecture d\u2019int\u00e9rieur au Puy-en-Velay et \u00e0 Saint-\u00c9tienne"},"content":{"rendered":"<p><img decoding=\"async\" src=\"https:\/\/www.notesdestyles.com\/blog\/wp-content\/uploads\/2026\/03\/Tina-Agence-Puy-en-Velay-Saint-Etienne.jpg\" alt=\"\" width=\"100%\" height=\"auto\" class=\"aligncenter size-full wp-image-43378\" style=\"max-width: 100%; margin-bottom: 20px;\" srcset=\"https:\/\/www.notesdestyles.com\/blog\/wp-content\/uploads\/2026\/03\/Tina-Agence-Puy-en-Velay-Saint-Etienne-200x112.jpg 200w, https:\/\/www.notesdestyles.com\/blog\/wp-content\/uploads\/2026\/03\/Tina-Agence-Puy-en-Velay-Saint-Etienne-300x169.jpg 300w, https:\/\/www.notesdestyles.com\/blog\/wp-content\/uploads\/2026\/03\/Tina-Agence-Puy-en-Velay-Saint-Etienne-400x225.jpg 400w, https:\/\/www.notesdestyles.com\/blog\/wp-content\/uploads\/2026\/03\/Tina-Agence-Puy-en-Velay-Saint-Etienne-600x337.jpg 600w, https:\/\/www.notesdestyles.com\/blog\/wp-content\/uploads\/2026\/03\/Tina-Agence-Puy-en-Velay-Saint-Etienne-768x432.jpg 768w, https:\/\/www.notesdestyles.com\/blog\/wp-content\/uploads\/2026\/03\/Tina-Agence-Puy-en-Velay-Saint-Etienne-800x450.jpg 800w, https:\/\/www.notesdestyles.com\/blog\/wp-content\/uploads\/2026\/03\/Tina-Agence-Puy-en-Velay-Saint-Etienne-1024x576.jpg 1024w, https:\/\/www.notesdestyles.com\/blog\/wp-content\/uploads\/2026\/03\/Tina-Agence-Puy-en-Velay-Saint-Etienne-1200x675.jpg 1200w, https:\/\/www.notesdestyles.com\/blog\/wp-content\/uploads\/2026\/03\/Tina-Agence-Puy-en-Velay-Saint-Etienne.jpg 1366w\" sizes=\"(max-width: 1366px) 100vw, 1366px\" \/><\/p>\n<p>Le parcours de Tina Mathieu illustre parfaitement ces trajectoires professionnelles guid\u00e9es par la passion et la d\u00e9termination. Aujourd\u2019hui directrice des agences Notes de Styles au Puy-en-Velay et \u00e0 Saint-\u00c9tienne, la jeune architecte d\u2019int\u00e9rieur a su transformer une curiosit\u00e9 cr\u00e9ative en un v\u00e9ritable projet entrepreneurial. Derri\u00e8re cette r\u00e9ussite se cache un cheminement fait d\u2019apprentissages, d\u2019exp\u00e9riences concr\u00e8tes et d\u2019un attachement profond \u00e0 son territoire d\u2019origine.<\/p>\n<p>Apr\u00e8s l\u2019obtention d\u2019un baccalaur\u00e9at scientifique, elle envisage d\u2019abord un avenir tourn\u00e9 vers des domaines plus techniques. Mais tr\u00e8s rapidement, une \u00e9vidence s\u2019impose \u00e0 elle : ce qui la passionne r\u00e9ellement, c\u2019est la cr\u00e9ation et l\u2019am\u00e9nagement d\u2019espaces. La mani\u00e8re dont un lieu peut \u00eatre pens\u00e9, transform\u00e9 et mis en valeur attire tout particuli\u00e8rement sa curiosit\u00e9. Elle s\u2019int\u00e9resse \u00e0 l\u2019impact que l\u2019environnement int\u00e9rieur peut avoir sur la vie quotidienne, sur le bien-\u00eatre de chacun et sur l\u2019identit\u00e9 d\u2019un lieu.<br \/>\nCette sensibilit\u00e9 pour l\u2019\u00e9tude des volumes, le m\u00e9lange des mati\u00e8res et la coh\u00e9rence des ambiances la conduit naturellement \u00e0 s\u2019orienter vers des \u00e9tudes de design d\u2019espace. Elle int\u00e8gre alors un Bachelor sp\u00e9cialis\u00e9 dans ce domaine, une formation qui va structurer et nourrir sa vision du m\u00e9tier. Son parcours acad\u00e9mique se d\u00e9roule entre deux villes : Clermont-Ferrand et Montpellier. Ce double ancrage g\u00e9ographique lui permet de d\u00e9couvrir des environnements cr\u00e9atifs diff\u00e9rents et d\u2019enrichir sa culture professionnelle.<br \/>\nDurant ces ann\u00e9es d\u2019\u00e9tudes, Tina d\u00e9veloppe les bases indispensables de l\u2019architecture d\u2019int\u00e9rieur : ma\u00eetrise des logiciels de conception, compr\u00e9hension des contraintes techniques du b\u00e2timent, r\u00e9flexion sur l\u2019ergonomie des espaces et sens aigu du d\u00e9tail. Mais au-del\u00e0 des comp\u00e9tences techniques, elle d\u00e9couvre surtout l\u2019importance de la d\u00e9marche cr\u00e9ative. Imaginer un lieu, c\u2019est raconter une histoire, traduire des besoins et des \u00e9motions dans un espace concret.<\/p>\n<p>Les projets r\u00e9alis\u00e9s pendant sa formation lui permettent d\u2019exp\u00e9rimenter diff\u00e9rentes approches : r\u00e9am\u00e9nagement d\u2019appartements, conception d\u2019espaces commerciaux ou encore r\u00e9flexion autour de l\u2019habitat contemporain. Ces exercices pratiques confirment sa vocation et renforcent sa volont\u00e9 de s\u2019inscrire durablement dans ce secteur. Un stage de fin d\u2019\u00e9tude d\u2019une dur\u00e9e de 3 mois sur l\u2019\u00eele de la R\u00e9union au sein d\u2019un bureau d\u2019\u00e9tude lui a permis de mettre en pratique toutes les connaissances emmagasin\u00e9s durant ses \u00e9tudes, de les appliquer \u00e0 une culture locale particuli\u00e8rement riche, tout en mettant un premier pas dans le monde professionnel.<\/p>\n<p>Une fois dipl\u00f4m\u00e9e, elle souhaite rapidement confronter ses connaissances th\u00e9oriques \u00e0 la r\u00e9alit\u00e9 du terrain. Sa premi\u00e8re exp\u00e9rience professionnelle se d\u00e9roule \u00e0 Lyon, o\u00f9 elle rejoint l\u2019univers exigeant de la conception d\u2019am\u00e9nagement int\u00e9rieur en tant que conceptrice-vendeuse chez un cuisiniste. Cette \u00e9tape marque un v\u00e9ritable tournant dans sa carri\u00e8re.<\/p>\n<p>Dans ce poste, elle accompagne les clients dans la r\u00e9alisation compl\u00e8te de leur projet d\u2019am\u00e9nagement. Chaque dossier constitue un d\u00e9fi unique : comprendre les attentes, imaginer une solution fonctionnelle et esth\u00e9tique, transformer cette vision en un projet concret et proposer une solution budg\u00e9taire adapt\u00e9e. Tina intervient alors \u00e0 toutes les \u00e9tapes du processus : conception initiale, r\u00e9alisation des plans techniques, prise de mesures sur site et suivi du projet jusqu\u2019\u00e0 la r\u00e9ception finale.<br \/>\nCe r\u00f4le polyvalent lui permet de d\u00e9velopper des comp\u00e9tences essentielles. Elle apprend notamment \u00e0 \u00e9couter attentivement ses clients, \u00e0 cerner leurs habitudes de vie et \u00e0 traduire leurs besoins en solutions personnalis\u00e9es. L\u2019architecture d\u2019int\u00e9rieur devient alors un v\u00e9ritable travail d\u2019\u00e9quilibre entre cr\u00e9ativit\u00e9 et contraintes techniques.<\/p>\n<p>Au fil des projets, la jeune architecte d\u2019int\u00e9rieure d\u00e9couvre \u00e9galement l\u2019importance de la relation humaine dans ce m\u00e9tier. Chaque r\u00e9alisation repr\u00e9sente un moment important pour les clients : r\u00e9novation d\u2019un logement, cr\u00e9ation d\u2019une nouvelle cuisine ou transformation d\u2019un espace de vie. Voir un projet prendre forme et constater la satisfaction des occupants une fois les travaux termin\u00e9s constitue pour elle une source de motivation profonde.<br \/>\nCette premi\u00e8re exp\u00e9rience professionnelle agit ainsi comme un v\u00e9ritable tremplin. Elle lui apporte \u00e0 la fois rigueur, confiance et vision concr\u00e8te du m\u00e9tier. Pourtant, malgr\u00e9 l\u2019int\u00e9r\u00eat des projets r\u00e9alis\u00e9s et les comp\u00e9tences acquises, une autre aspiration commence \u00e0 se faire sentir.<br \/>\nOriginaire de la Haute-Loire, Tina ressent progressivement le besoin de se rapprocher de ses racines. L\u2019attachement \u00e0 sa ville natale, \u00e0 sa famille et \u00e0 son entourage devient un facteur d\u00e9terminant dans ses choix professionnels. En parall\u00e8le, une id\u00e9e prend forme dans son esprit : celle de cr\u00e9er un jour sa propre agence d\u2019architecture d\u2019int\u00e9rieur.<\/p>\n<p>L\u2019entrepreneuriat repr\u00e9sente pour elle l\u2019opportunit\u00e9 de d\u00e9velopper sa propre vision du m\u00e9tier, de choisir ses projets et de construire une relation privil\u00e9gi\u00e9e avec ses clients. Mais se lancer seule dans cette aventure peut repr\u00e9senter un d\u00e9fi de taille, notamment dans un secteur qui exige \u00e0 la fois cr\u00e9ativit\u00e9, expertise technique et solide organisation.<br \/>\nC\u2019est dans ce contexte que l\u2019opportunit\u00e9 de rejoindre le r\u00e9seau de franchises Notes de Styles se pr\u00e9sente. Pour Tina, cette proposition appara\u00eet rapidement comme une \u00e9vidence. Le r\u00e9seau lui offre la possibilit\u00e9 de conjuguer ind\u00e9pendance et accompagnement, deux \u00e9l\u00e9ments essentiels pour concr\u00e9tiser son projet professionnel.<\/p>\n<p>Notes de Styles se distingue par son fonctionnement \u00e0 taille humaine. Le r\u00e9seau rassemble une vingtaine de collaborateurs r\u00e9partis sur plusieurs agences, avec une philosophie bas\u00e9e sur l\u2019entraide, le partage d\u2019exp\u00e9rience et l\u2019accompagnement des entrepreneurs. Cette dimension collective la s\u00e9duit imm\u00e9diatement, elle y voit un cadre propice pour d\u00e9velopper son activit\u00e9 tout en b\u00e9n\u00e9ficiant d\u2019un soutien structur\u00e9.<br \/>\nGr\u00e2ce \u00e0 cet environnement, elle peut se concentrer pleinement sur ce qui la passionne : imaginer et concevoir des espaces de vie qui r\u00e9pondent aux attentes de ses clients. L\u2019appui du r\u00e9seau lui permet \u00e9galement d\u2019acc\u00e9der \u00e0 des ressources, des outils et un savoir-faire qui facilitent la gestion et le d\u00e9veloppement de son agence.<\/p>\n<p>Progressivement, son projet prend forme. Tina ouvre une premi\u00e8re agence Notes de Styles au Puy-en-Velay, concr\u00e9tisant ainsi son retour dans sa r\u00e9gion d\u2019origine. Cette implantation locale lui permet de travailler au plus pr\u00e8s des habitants et de participer \u00e0 la transformation des espaces de vie dans un territoire qu\u2019elle conna\u00eet bien.<\/p>\n<p>Forte de cette premi\u00e8re r\u00e9ussite, elle d\u00e9cide ensuite d\u2019\u00e9tendre son activit\u00e9 en ouvrant une seconde agence \u00e0 Saint-\u00c9tienne. Ce d\u00e9veloppement marque une nouvelle \u00e9tape dans son parcours entrepreneurial. \u00c0 travers ces deux implantations, Tina affirme une fois de plus sa volont\u00e9 de proposer un accompagnement complet en architecture d\u2019int\u00e9rieur, que ce soit pour des particuliers ou des professionnels.<br \/>\nAujourd\u2019hui, \u00e0 la t\u00eate des agences Notes de Styles du Puy-en-Velay et de Saint-\u00c9tienne, elle poursuit son ambition : concevoir des lieux qui ont du sens. Chaque projet est pour elle l\u2019occasion de cr\u00e9er des espaces \u00e0 la fois fonctionnels, esth\u00e9tiques et adapt\u00e9s aux modes de vie de ses clients.<br \/>\nSon approche repose sur une \u00e9coute attentive et sur une collaboration \u00e9troite avec les personnes qu\u2019elle accompagne. Comprendre leurs besoins, leurs habitudes et leurs envies constitue la base de son travail. \u00c0 partir de ces \u00e9l\u00e9ments, elle imagine des am\u00e9nagements uniques qui refl\u00e8tent la personnalit\u00e9 et les usages de chacun.<\/p>\n<p>Au-del\u00e0 de la r\u00e9ussite entrepreneuriale, Tina Mathieu s\u2019inscrit \u00e9galement dans une aventure collective. Au sein du r\u00e9seau Notes de Styles, l\u2019\u00e9change d\u2019exp\u00e9riences et la solidarit\u00e9 entre les agences jouent un r\u00f4le central. Cette dynamique permet \u00e0 chacun de progresser tout en conservant son identit\u00e9 et sa cr\u00e9ativit\u00e9.<\/p>\n<p>Pour elle, cette combinaison entre autonomie et esprit d\u2019\u00e9quipe repr\u00e9sente l\u2019\u00e9quilibre id\u00e9al. Elle peut d\u00e9velopper ses projets, exprimer sa vision de l\u2019architecture d\u2019int\u00e9rieur et contribuer en m\u00eame temps \u00e0 la croissance d\u2019un r\u00e9seau qui valorise l\u2019entraide et la r\u00e9ussite partag\u00e9e.<br \/>\nAinsi, son parcours t\u00e9moigne de la mani\u00e8re dont une passion peut devenir un r\u00e9el projet de vie. De ses \u00e9tudes en design d\u2019espace \u00e0 la direction de deux agences d\u2019architecture d\u2019int\u00e9rieur, Tina a su tracer son propre chemin, guid\u00e9e par la cr\u00e9ativit\u00e9, la pers\u00e9v\u00e9rance et le d\u00e9sir de donner vie \u00e0 des espaces qui racontent une histoire.<\/p>\n<p style=\"text-align: right;\"><strong>Tina Mathieu, g\u00e9rante de l\u2019agence <a class=\"lien\" href=\"https:\/\/www.notesdestyles.com\/nos-agences\/architecte-dinterieur-haute-loire\/architecte-dinterieur-puy-en-velay\/\">Notes de Styles Puy-en-Velay<\/a> et <a href=\"https:\/\/www.notesdestyles.com\/nos-agences\/architecte-dinterieur-haute-loire\/architecte-dinterieur-saint-etienne\/\">Notes de Styles Saint-\u00c9tienne<\/a><\/strong><\/p>\n","protected":false},"excerpt":{"rendered":"<p>Tina Mathieu prend la direction des agences Notes de Styles au Puy-en-Velay et \u00e0 Saint-\u00c9tienne. La jeune architecte d\u2019int\u00e9rieur a su transformer une curiosit\u00e9 cr\u00e9ative en un v\u00e9ritable projet entrepreneurial.<\/p>\n","protected":false},"author":1,"featured_media":43378,"comment_status":"closed","ping_status":"closed","sticky":false,"template":"","format":"standard","meta":{"inline_featured_image":false,"footnotes":""},"categories":[141],"tags":[],"class_list":["post-43377","post","type-post","status-publish","format-standard","has-post-thumbnail","hentry","category-nos-agences"],"yoast_head":"<!-- This site is optimized with the Yoast SEO plugin v27.2 - https:\/\/yoast.com\/product\/yoast-seo-wordpress\/ -->\n<title>Notes de Styles Puy-en-Velay - Saint-\u00c9tienne : une nouvelle agence !<\/title>\n<meta name=\"description\" content=\"Tina Mathieu prend la direction des agences Notes de Styles au Puy-en-Velay et \u00e0 Saint-\u00c9tienne.\" \/>\n<meta name=\"robots\" content=\"index, follow, max-snippet:-1, max-image-preview:large, max-video-preview:-1\" \/>\n<link rel=\"canonical\" href=\"https:\/\/www.notesdestyles.com\/blog\/notes-de-styles-ouvre-une-agence-darchitecture-dinterieur-au-puy-en-velay-et-a-saint-etienne\/\" \/>\n<meta property=\"og:locale\" content=\"fr_FR\" \/>\n<meta property=\"og:type\" content=\"article\" \/>\n<meta property=\"og:title\" content=\"Notes de Styles Puy-en-Velay - Saint-\u00c9tienne : une nouvelle agence !\" \/>\n<meta property=\"og:description\" content=\"Tina Mathieu prend la direction des agences Notes de Styles au Puy-en-Velay et \u00e0 Saint-\u00c9tienne.\" \/>\n<meta property=\"og:url\" content=\"https:\/\/www.notesdestyles.com\/blog\/notes-de-styles-ouvre-une-agence-darchitecture-dinterieur-au-puy-en-velay-et-a-saint-etienne\/\" \/>\n<meta property=\"og:site_name\" content=\"Notes de styles, le blog\" \/>\n<meta property=\"article:published_time\" content=\"2026-03-18T08:22:49+00:00\" \/>\n<meta property=\"article:modified_time\" content=\"2026-03-18T08:47:50+00:00\" \/>\n<meta property=\"og:image\" content=\"https:\/\/www.notesdestyles.com\/blog\/wp-content\/uploads\/2026\/03\/Tina-Agence-Puy-en-Velay-Saint-Etienne.jpg\" \/>\n\t<meta property=\"og:image:width\" content=\"1366\" \/>\n\t<meta property=\"og:image:height\" content=\"768\" \/>\n\t<meta property=\"og:image:type\" content=\"image\/jpeg\" \/>\n<meta name=\"author\" content=\"Notes de Styles\" \/>\n<meta name=\"twitter:card\" content=\"summary_large_image\" \/>\n<meta name=\"twitter:label1\" content=\"\u00c9crit par\" \/>\n\t<meta name=\"twitter:data1\" content=\"Notes de Styles\" \/>\n\t<meta name=\"twitter:label2\" content=\"Dur\u00e9e de lecture estim\u00e9e\" \/>\n\t<meta name=\"twitter:data2\" content=\"7 minutes\" \/>\n<script type=\"application\/ld+json\" class=\"yoast-schema-graph\">{\"@context\":\"https:\/\/schema.org\",\"@graph\":[{\"@type\":\"Article\",\"@id\":\"https:\/\/www.notesdestyles.com\/blog\/notes-de-styles-ouvre-une-agence-darchitecture-dinterieur-au-puy-en-velay-et-a-saint-etienne\/#article\",\"isPartOf\":{\"@id\":\"https:\/\/www.notesdestyles.com\/blog\/notes-de-styles-ouvre-une-agence-darchitecture-dinterieur-au-puy-en-velay-et-a-saint-etienne\/\"},\"author\":{\"name\":\"Notes de Styles\",\"@id\":\"https:\/\/www.notesdestyles.com\/blog\/#\/schema\/person\/a2612f97ce1c0a5e44079cc7df75eb3d\"},\"headline\":\"Notes de Styles ouvre une agence d\u2019architecture d\u2019int\u00e9rieur au Puy-en-Velay et \u00e0 Saint-\u00c9tienne\",\"datePublished\":\"2026-03-18T08:22:49+00:00\",\"dateModified\":\"2026-03-18T08:47:50+00:00\",\"mainEntityOfPage\":{\"@id\":\"https:\/\/www.notesdestyles.com\/blog\/notes-de-styles-ouvre-une-agence-darchitecture-dinterieur-au-puy-en-velay-et-a-saint-etienne\/\"},\"wordCount\":1511,\"image\":{\"@id\":\"https:\/\/www.notesdestyles.com\/blog\/notes-de-styles-ouvre-une-agence-darchitecture-dinterieur-au-puy-en-velay-et-a-saint-etienne\/#primaryimage\"},\"thumbnailUrl\":\"https:\/\/www.notesdestyles.com\/blog\/wp-content\/uploads\/2026\/03\/Tina-Agence-Puy-en-Velay-Saint-Etienne.jpg\",\"articleSection\":[\"Nos agences\"],\"inLanguage\":\"fr-FR\"},{\"@type\":\"WebPage\",\"@id\":\"https:\/\/www.notesdestyles.com\/blog\/notes-de-styles-ouvre-une-agence-darchitecture-dinterieur-au-puy-en-velay-et-a-saint-etienne\/\",\"url\":\"https:\/\/www.notesdestyles.com\/blog\/notes-de-styles-ouvre-une-agence-darchitecture-dinterieur-au-puy-en-velay-et-a-saint-etienne\/\",\"name\":\"Notes de Styles Puy-en-Velay - Saint-\u00c9tienne : une nouvelle agence !\",\"isPartOf\":{\"@id\":\"https:\/\/www.notesdestyles.com\/blog\/#website\"},\"primaryImageOfPage\":{\"@id\":\"https:\/\/www.notesdestyles.com\/blog\/notes-de-styles-ouvre-une-agence-darchitecture-dinterieur-au-puy-en-velay-et-a-saint-etienne\/#primaryimage\"},\"image\":{\"@id\":\"https:\/\/www.notesdestyles.com\/blog\/notes-de-styles-ouvre-une-agence-darchitecture-dinterieur-au-puy-en-velay-et-a-saint-etienne\/#primaryimage\"},\"thumbnailUrl\":\"https:\/\/www.notesdestyles.com\/blog\/wp-content\/uploads\/2026\/03\/Tina-Agence-Puy-en-Velay-Saint-Etienne.jpg\",\"datePublished\":\"2026-03-18T08:22:49+00:00\",\"dateModified\":\"2026-03-18T08:47:50+00:00\",\"author\":{\"@id\":\"https:\/\/www.notesdestyles.com\/blog\/#\/schema\/person\/a2612f97ce1c0a5e44079cc7df75eb3d\"},\"description\":\"Tina Mathieu prend la direction des agences Notes de Styles au Puy-en-Velay et \u00e0 Saint-\u00c9tienne.\",\"breadcrumb\":{\"@id\":\"https:\/\/www.notesdestyles.com\/blog\/notes-de-styles-ouvre-une-agence-darchitecture-dinterieur-au-puy-en-velay-et-a-saint-etienne\/#breadcrumb\"},\"inLanguage\":\"fr-FR\",\"potentialAction\":[{\"@type\":\"ReadAction\",\"target\":[\"https:\/\/www.notesdestyles.com\/blog\/notes-de-styles-ouvre-une-agence-darchitecture-dinterieur-au-puy-en-velay-et-a-saint-etienne\/\"]}]},{\"@type\":\"ImageObject\",\"inLanguage\":\"fr-FR\",\"@id\":\"https:\/\/www.notesdestyles.com\/blog\/notes-de-styles-ouvre-une-agence-darchitecture-dinterieur-au-puy-en-velay-et-a-saint-etienne\/#primaryimage\",\"url\":\"https:\/\/www.notesdestyles.com\/blog\/wp-content\/uploads\/2026\/03\/Tina-Agence-Puy-en-Velay-Saint-Etienne.jpg\",\"contentUrl\":\"https:\/\/www.notesdestyles.com\/blog\/wp-content\/uploads\/2026\/03\/Tina-Agence-Puy-en-Velay-Saint-Etienne.jpg\",\"width\":1366,\"height\":768},{\"@type\":\"BreadcrumbList\",\"@id\":\"https:\/\/www.notesdestyles.com\/blog\/notes-de-styles-ouvre-une-agence-darchitecture-dinterieur-au-puy-en-velay-et-a-saint-etienne\/#breadcrumb\",\"itemListElement\":[{\"@type\":\"ListItem\",\"position\":1,\"name\":\"Accueil\",\"item\":\"https:\/\/www.notesdestyles.com\/blog\/\"},{\"@type\":\"ListItem\",\"position\":2,\"name\":\"Notes de Styles ouvre une agence d\u2019architecture d\u2019int\u00e9rieur au Puy-en-Velay et \u00e0 Saint-\u00c9tienne\"}]},{\"@type\":\"WebSite\",\"@id\":\"https:\/\/www.notesdestyles.com\/blog\/#website\",\"url\":\"https:\/\/www.notesdestyles.com\/blog\/\",\"name\":\"Notes de styles, le blog\",\"description\":\"D\u00e9coration, tendance, actu, d\u00e9couvrez les coups de c\u0153ur Notes de Styles\",\"potentialAction\":[{\"@type\":\"SearchAction\",\"target\":{\"@type\":\"EntryPoint\",\"urlTemplate\":\"https:\/\/www.notesdestyles.com\/blog\/?s={search_term_string}\"},\"query-input\":{\"@type\":\"PropertyValueSpecification\",\"valueRequired\":true,\"valueName\":\"search_term_string\"}}],\"inLanguage\":\"fr-FR\"},{\"@type\":\"Person\",\"@id\":\"https:\/\/www.notesdestyles.com\/blog\/#\/schema\/person\/a2612f97ce1c0a5e44079cc7df75eb3d\",\"name\":\"Notes de Styles\",\"image\":{\"@type\":\"ImageObject\",\"inLanguage\":\"fr-FR\",\"@id\":\"https:\/\/secure.gravatar.com\/avatar\/1125bf2b163511c03aaae685dcbaec3123abb1666cb8e960f5519250e0d63d46?s=96&d=mm&r=g\",\"url\":\"https:\/\/secure.gravatar.com\/avatar\/1125bf2b163511c03aaae685dcbaec3123abb1666cb8e960f5519250e0d63d46?s=96&d=mm&r=g\",\"contentUrl\":\"https:\/\/secure.gravatar.com\/avatar\/1125bf2b163511c03aaae685dcbaec3123abb1666cb8e960f5519250e0d63d46?s=96&d=mm&r=g\",\"caption\":\"Notes de Styles\"},\"sameAs\":[\"https:\/\/www.notesdestyles.com\/blog\"]}]}<\/script>\n<!-- \/ Yoast SEO plugin. -->","yoast_head_json":{"title":"Notes de Styles Puy-en-Velay - Saint-\u00c9tienne : une nouvelle agence !","description":"Tina Mathieu prend la direction des agences Notes de Styles au Puy-en-Velay et \u00e0 Saint-\u00c9tienne.","robots":{"index":"index","follow":"follow","max-snippet":"max-snippet:-1","max-image-preview":"max-image-preview:large","max-video-preview":"max-video-preview:-1"},"canonical":"https:\/\/www.notesdestyles.com\/blog\/notes-de-styles-ouvre-une-agence-darchitecture-dinterieur-au-puy-en-velay-et-a-saint-etienne\/","og_locale":"fr_FR","og_type":"article","og_title":"Notes de Styles Puy-en-Velay - Saint-\u00c9tienne : une nouvelle agence !","og_description":"Tina Mathieu prend la direction des agences Notes de Styles au Puy-en-Velay et \u00e0 Saint-\u00c9tienne.","og_url":"https:\/\/www.notesdestyles.com\/blog\/notes-de-styles-ouvre-une-agence-darchitecture-dinterieur-au-puy-en-velay-et-a-saint-etienne\/","og_site_name":"Notes de styles, le blog","article_published_time":"2026-03-18T08:22:49+00:00","article_modified_time":"2026-03-18T08:47:50+00:00","og_image":[{"width":1366,"height":768,"url":"https:\/\/www.notesdestyles.com\/blog\/wp-content\/uploads\/2026\/03\/Tina-Agence-Puy-en-Velay-Saint-Etienne.jpg","type":"image\/jpeg"}],"author":"Notes de Styles","twitter_card":"summary_large_image","twitter_misc":{"\u00c9crit par":"Notes de Styles","Dur\u00e9e de lecture estim\u00e9e":"7 minutes"},"schema":{"@context":"https:\/\/schema.org","@graph":[{"@type":"Article","@id":"https:\/\/www.notesdestyles.com\/blog\/notes-de-styles-ouvre-une-agence-darchitecture-dinterieur-au-puy-en-velay-et-a-saint-etienne\/#article","isPartOf":{"@id":"https:\/\/www.notesdestyles.com\/blog\/notes-de-styles-ouvre-une-agence-darchitecture-dinterieur-au-puy-en-velay-et-a-saint-etienne\/"},"author":{"name":"Notes de Styles","@id":"https:\/\/www.notesdestyles.com\/blog\/#\/schema\/person\/a2612f97ce1c0a5e44079cc7df75eb3d"},"headline":"Notes de Styles ouvre une agence d\u2019architecture d\u2019int\u00e9rieur au Puy-en-Velay et \u00e0 Saint-\u00c9tienne","datePublished":"2026-03-18T08:22:49+00:00","dateModified":"2026-03-18T08:47:50+00:00","mainEntityOfPage":{"@id":"https:\/\/www.notesdestyles.com\/blog\/notes-de-styles-ouvre-une-agence-darchitecture-dinterieur-au-puy-en-velay-et-a-saint-etienne\/"},"wordCount":1511,"image":{"@id":"https:\/\/www.notesdestyles.com\/blog\/notes-de-styles-ouvre-une-agence-darchitecture-dinterieur-au-puy-en-velay-et-a-saint-etienne\/#primaryimage"},"thumbnailUrl":"https:\/\/www.notesdestyles.com\/blog\/wp-content\/uploads\/2026\/03\/Tina-Agence-Puy-en-Velay-Saint-Etienne.jpg","articleSection":["Nos agences"],"inLanguage":"fr-FR"},{"@type":"WebPage","@id":"https:\/\/www.notesdestyles.com\/blog\/notes-de-styles-ouvre-une-agence-darchitecture-dinterieur-au-puy-en-velay-et-a-saint-etienne\/","url":"https:\/\/www.notesdestyles.com\/blog\/notes-de-styles-ouvre-une-agence-darchitecture-dinterieur-au-puy-en-velay-et-a-saint-etienne\/","name":"Notes de Styles Puy-en-Velay - Saint-\u00c9tienne : une nouvelle agence !","isPartOf":{"@id":"https:\/\/www.notesdestyles.com\/blog\/#website"},"primaryImageOfPage":{"@id":"https:\/\/www.notesdestyles.com\/blog\/notes-de-styles-ouvre-une-agence-darchitecture-dinterieur-au-puy-en-velay-et-a-saint-etienne\/#primaryimage"},"image":{"@id":"https:\/\/www.notesdestyles.com\/blog\/notes-de-styles-ouvre-une-agence-darchitecture-dinterieur-au-puy-en-velay-et-a-saint-etienne\/#primaryimage"},"thumbnailUrl":"https:\/\/www.notesdestyles.com\/blog\/wp-content\/uploads\/2026\/03\/Tina-Agence-Puy-en-Velay-Saint-Etienne.jpg","datePublished":"2026-03-18T08:22:49+00:00","dateModified":"2026-03-18T08:47:50+00:00","author":{"@id":"https:\/\/www.notesdestyles.com\/blog\/#\/schema\/person\/a2612f97ce1c0a5e44079cc7df75eb3d"},"description":"Tina Mathieu prend la direction des agences Notes de Styles au Puy-en-Velay et \u00e0 Saint-\u00c9tienne.","breadcrumb":{"@id":"https:\/\/www.notesdestyles.com\/blog\/notes-de-styles-ouvre-une-agence-darchitecture-dinterieur-au-puy-en-velay-et-a-saint-etienne\/#breadcrumb"},"inLanguage":"fr-FR","potentialAction":[{"@type":"ReadAction","target":["https:\/\/www.notesdestyles.com\/blog\/notes-de-styles-ouvre-une-agence-darchitecture-dinterieur-au-puy-en-velay-et-a-saint-etienne\/"]}]},{"@type":"ImageObject","inLanguage":"fr-FR","@id":"https:\/\/www.notesdestyles.com\/blog\/notes-de-styles-ouvre-une-agence-darchitecture-dinterieur-au-puy-en-velay-et-a-saint-etienne\/#primaryimage","url":"https:\/\/www.notesdestyles.com\/blog\/wp-content\/uploads\/2026\/03\/Tina-Agence-Puy-en-Velay-Saint-Etienne.jpg","contentUrl":"https:\/\/www.notesdestyles.com\/blog\/wp-content\/uploads\/2026\/03\/Tina-Agence-Puy-en-Velay-Saint-Etienne.jpg","width":1366,"height":768},{"@type":"BreadcrumbList","@id":"https:\/\/www.notesdestyles.com\/blog\/notes-de-styles-ouvre-une-agence-darchitecture-dinterieur-au-puy-en-velay-et-a-saint-etienne\/#breadcrumb","itemListElement":[{"@type":"ListItem","position":1,"name":"Accueil","item":"https:\/\/www.notesdestyles.com\/blog\/"},{"@type":"ListItem","position":2,"name":"Notes de Styles ouvre une agence d\u2019architecture d\u2019int\u00e9rieur au Puy-en-Velay et \u00e0 Saint-\u00c9tienne"}]},{"@type":"WebSite","@id":"https:\/\/www.notesdestyles.com\/blog\/#website","url":"https:\/\/www.notesdestyles.com\/blog\/","name":"Notes de styles, le blog","description":"D\u00e9coration, tendance, actu, d\u00e9couvrez les coups de c\u0153ur Notes de Styles","potentialAction":[{"@type":"SearchAction","target":{"@type":"EntryPoint","urlTemplate":"https:\/\/www.notesdestyles.com\/blog\/?s={search_term_string}"},"query-input":{"@type":"PropertyValueSpecification","valueRequired":true,"valueName":"search_term_string"}}],"inLanguage":"fr-FR"},{"@type":"Person","@id":"https:\/\/www.notesdestyles.com\/blog\/#\/schema\/person\/a2612f97ce1c0a5e44079cc7df75eb3d","name":"Notes de Styles","image":{"@type":"ImageObject","inLanguage":"fr-FR","@id":"https:\/\/secure.gravatar.com\/avatar\/1125bf2b163511c03aaae685dcbaec3123abb1666cb8e960f5519250e0d63d46?s=96&d=mm&r=g","url":"https:\/\/secure.gravatar.com\/avatar\/1125bf2b163511c03aaae685dcbaec3123abb1666cb8e960f5519250e0d63d46?s=96&d=mm&r=g","contentUrl":"https:\/\/secure.gravatar.com\/avatar\/1125bf2b163511c03aaae685dcbaec3123abb1666cb8e960f5519250e0d63d46?s=96&d=mm&r=g","caption":"Notes de Styles"},"sameAs":["https:\/\/www.notesdestyles.com\/blog"]}]}},"_links":{"self":[{"href":"https:\/\/www.notesdestyles.com\/blog\/wp-json\/wp\/v2\/posts\/43377","targetHints":{"allow":["GET"]}}],"collection":[{"href":"https:\/\/www.notesdestyles.com\/blog\/wp-json\/wp\/v2\/posts"}],"about":[{"href":"https:\/\/www.notesdestyles.com\/blog\/wp-json\/wp\/v2\/types\/post"}],"author":[{"embeddable":true,"href":"https:\/\/www.notesdestyles.com\/blog\/wp-json\/wp\/v2\/users\/1"}],"replies":[{"embeddable":true,"href":"https:\/\/www.notesdestyles.com\/blog\/wp-json\/wp\/v2\/comments?post=43377"}],"version-history":[{"count":4,"href":"https:\/\/www.notesdestyles.com\/blog\/wp-json\/wp\/v2\/posts\/43377\/revisions"}],"predecessor-version":[{"id":43383,"href":"https:\/\/www.notesdestyles.com\/blog\/wp-json\/wp\/v2\/posts\/43377\/revisions\/43383"}],"wp:featuredmedia":[{"embeddable":true,"href":"https:\/\/www.notesdestyles.com\/blog\/wp-json\/wp\/v2\/media\/43378"}],"wp:attachment":[{"href":"https:\/\/www.notesdestyles.com\/blog\/wp-json\/wp\/v2\/media?parent=43377"}],"wp:term":[{"taxonomy":"category","embeddable":true,"href":"https:\/\/www.notesdestyles.com\/blog\/wp-json\/wp\/v2\/categories?post=43377"},{"taxonomy":"post_tag","embeddable":true,"href":"https:\/\/www.notesdestyles.com\/blog\/wp-json\/wp\/v2\/tags?post=43377"}],"curies":[{"name":"wp","href":"https:\/\/api.w.org\/{rel}","templated":true}]}}