{"id":43357,"date":"2026-02-26T14:25:20","date_gmt":"2026-02-26T13:25:20","guid":{"rendered":"https:\/\/www.notesdestyles.com\/blog\/?p=43357"},"modified":"2026-03-26T14:30:00","modified_gmt":"2026-03-26T13:30:00","slug":"tendance-deco-printemps-2026-couleurs-matieres-et-inspirations-pour-transformer-votre-interieur","status":"publish","type":"post","link":"https:\/\/www.notesdestyles.com\/blog\/tendance-deco-printemps-2026-couleurs-matieres-et-inspirations-pour-transformer-votre-interieur\/","title":{"rendered":"Tendance d\u00e9co printemps 2026 : couleurs, mati\u00e8res et inspirations pour transformer votre int\u00e9rieur"},"content":{"rendered":"<p>La tendance d\u00e9co printemps 2026 ne se limite pas \u00e0 une succession d\u2019objets ou de palettes \u00e0 reproduire chez soi. Elle traduit une \u00e9volution plus profonde dans notre mani\u00e8re d\u2019habiter les espaces. Apr\u00e8s plusieurs ann\u00e9es marqu\u00e9es par le minimalisme froid et les int\u00e9rieurs standardis\u00e9s, les projets d\u2019am\u00e9nagement int\u00e9rieur \u00e9voluent vers davantage de chaleur, de personnalit\u00e9 et de confort.<\/p>\n<p>Aujourd\u2019hui, la maison devient un v\u00e9ritable refuge. T\u00e9l\u00e9travail, besoin de ralentir, recherche de durabilit\u00e9 : autant de facteurs qui influencent les choix d\u00e9coratifs et architecturaux. Couleurs enveloppantes, mati\u00e8res naturelles, mobilier sculptural ou encore retour du vintage chic composent un nouvel \u00e9quilibre entre esth\u00e9tique et fonctionnalit\u00e9, au c\u0153ur de la tendance d\u00e9co printemps 2026.<\/p>\n<p>Chez Notes de Styles, r\u00e9seau d\u2019agences d\u2019architecture d\u2019int\u00e9rieur pr\u00e9sent partout en France, ces \u00e9volutions sont observ\u00e9es chaque jour sur le terrain. L\u2019enjeu n\u2019est pas de suivre une mode, mais de transformer ces inspirations en projets coh\u00e9rents, adapt\u00e9s au mode de vie et aux contraintes techniques de chaque habitat.<\/p>\n<section class=\"article-box\" style=\"background-color: #e9dac8; padding: 50px 50px 30px 50px; margin-bottom: 30px;\" aria-labelledby=\"article-box-printemps-2026\">\n<h2 id=\"article-box-printemps-2026\">Ce qu\u2019il faut retenir de la tendance d\u00e9co printemps 2026<\/h2>\n<p>Avant d\u2019entrer dans le d\u00e9tail, quelques grandes lignes permettent<br \/>\nde comprendre l\u2019esprit de cette saison\u00a0:<\/p>\n<ol>\n<li>Retour des formes arrondies et du mobilier confortable,<\/li>\n<li>Couleurs naturelles, chaleureuses et profondes,<\/li>\n<li>Mati\u00e8res sensorielles et artisanales,<\/li>\n<li>Murs d\u00e9coratifs pour structurer les volumes,<\/li>\n<li>M\u00e9lange assum\u00e9 entre ancien et contemporain.<\/li>\n<\/ol>\n<p>Ces orientations influencent autant la d\u00e9coration que la conception globale des espaces,<br \/>\nce qui explique le succ\u00e8s de la tendance d\u00e9co printemps 2026 aupr\u00e8s des particuliers<br \/>\ncomme des professionnels.<\/p>\n<\/section>\n<h2>Pourquoi la tendance d\u00e9co printemps 2026 marque un tournant dans l\u2019am\u00e9nagement int\u00e9rieur<\/h2>\n<p>Plus qu\u2019une simple \u00e9volution esth\u00e9tique, la tendance d\u00e9co printemps 2026 accompagne une transformation durable des attentes. L\u2019architecture int\u00e9rieure doit d\u00e9sormais conjuguer bien-\u00eatre, usage quotidien et identit\u00e9 personnelle.<\/p>\n<h3>La maison refuge : confort et bien-\u00eatre au c\u0153ur des projets<\/h3>\n<p>Les volumes s\u2019adoucissent. Les canap\u00e9s deviennent enveloppants, les assises s\u2019abaissent et les lignes rigides disparaissent progressivement au profit de courbes rassurantes.<\/p>\n<p>Dans un projet de r\u00e9novation ou d\u2019am\u00e9lioration de l\u2019habitat, ces choix influencent directement la circulation. Un mobilier aux formes arrondies permet de fluidifier les d\u00e9placements, d\u2019ouvrir les perspectives et d\u2019adoucir les transitions entre les pi\u00e8ces.<\/p>\n<p>Les architectes d\u2019int\u00e9rieur Notes de Styles travaillent ainsi la perception des espaces autant que leur esth\u00e9tique : implantation du mobilier, \u00e9quilibre entre pleins et vides, gestion des axes visuels. C\u2019est une mani\u00e8re concr\u00e8te d\u2019interpr\u00e9ter cette tendance 2026 sans tomber dans la simple imitation.<\/p>\n<h3>Des int\u00e9rieurs plus personnels et moins standardis\u00e9s<\/h3>\n<p>La d\u00e9coration impersonnelle laisse place \u00e0 des lieux qui racontent une histoire. Pi\u00e8ces h\u00e9rit\u00e9es, seconde main ou objets artisanaux s\u2019int\u00e8grent d\u00e9sormais aux projets contemporains.<\/p>\n<p>L\u2019accompagnement d\u2019un architecte permet d\u2019\u00e9viter l\u2019accumulation. Chaque \u00e9l\u00e9ment trouve sa place dans une composition globale coh\u00e9rente, respectant proportions, mat\u00e9riaux existants et lumi\u00e8re naturelle.<\/p>\n<h2>Couleurs et mati\u00e8res : les signatures incontournbles du printemps 2026<\/h2>\n<p>Les palettes \u00e9voluent vers davantage de profondeur et de douceur. L\u2019objectif n\u2019est plus d\u2019impressionner, mais de cr\u00e9er une atmosph\u00e8re durable, fid\u00e8le \u00e0 l\u2019esprit de la tendance d\u00e9co printemps 2026.<\/p>\n<h3>Les palettes naturelles qui remplacent le minimalisme froid<\/h3>\n<p>Terracotta, brun chocolat, vert sauge ou prune remplacent progressivement les gris neutres. Les blancs deviennent plus chauds, l\u00e9g\u00e8rement poudr\u00e9s, afin de r\u00e9fl\u00e9chir la lumi\u00e8re sans agresser le regard.<\/p>\n<p>Dans une r\u00e9novation compl\u00e8te, le choix des couleurs d\u00e9passe la simple d\u00e9coration murale. Orientation de la pi\u00e8ce, hauteur sous plafond ou exposition influencent fortement le rendu final.<\/p>\n<p>Un salon orient\u00e9 nord ne recevra pas les m\u00eames tonalit\u00e9s qu\u2019une cuisine traversante ou qu\u2019une extension vitr\u00e9e.<\/p>\n<h3>Des mati\u00e8res sensorielles pour cr\u00e9er une exp\u00e9rience int\u00e9rieure<\/h3>\n<p>Le toucher retrouve une place centrale dans les projets d\u2019am\u00e9nagement. Lin lav\u00e9, bois fonc\u00e9, velours, c\u00e9ramique artisanale ou verre ambr\u00e9 multiplient les textures.<\/p>\n<p>Ces mat\u00e9riaux participent \u00e9galement au confort acoustique et thermique. Dans une maison ancienne r\u00e9nov\u00e9e, ils peuvent att\u00e9nuer les r\u00e9sonances ou renforcer la sensation de chaleur.<\/p>\n<p>Les \u00e9quipes Notes de Styles coordonnent ces choix avec les artisans partenaires afin d\u2019assurer durabilit\u00e9 et coh\u00e9rence technique, dans l\u2019esprit de la tendance d\u00e9co printemps 2026.<\/p>\n\n\t\t<style type=\"text\/css\">\n\t\t\t#gallery-1 {\n\t\t\t\tmargin: auto;\n\t\t\t}\n\t\t\t#gallery-1 .gallery-item {\n\t\t\t\tfloat: left;\n\t\t\t\tmargin-top: 10px;\n\t\t\t\ttext-align: center;\n\t\t\t\twidth: 50%;\n\t\t\t}\n\t\t\t#gallery-1 img {\n\t\t\t\tborder: 2px solid #cfcfcf;\n\t\t\t}\n\t\t\t#gallery-1 .gallery-caption {\n\t\t\t\tmargin-left: 0;\n\t\t\t}\n\t\t\t\/* see gallery_shortcode() in wp-includes\/media.php *\/\n\t\t<\/style>\n\t\t<div id='gallery-1' class='gallery galleryid-43357 gallery-columns-2 gallery-size-large'><dl class='gallery-item'>\n\t\t\t<dt class='gallery-icon landscape'>\n\t\t\t\t<img decoding=\"async\" width=\"1024\" height=\"683\" src=\"https:\/\/www.notesdestyles.com\/blog\/wp-content\/uploads\/2026\/03\/tendance-deco-printemps-2026-1-1024x683.webp\" class=\"attachment-large size-large\" alt=\"tendance d\u00e9co printemps 2026\" srcset=\"https:\/\/www.notesdestyles.com\/blog\/wp-content\/uploads\/2026\/03\/tendance-deco-printemps-2026-1-200x133.webp 200w, https:\/\/www.notesdestyles.com\/blog\/wp-content\/uploads\/2026\/03\/tendance-deco-printemps-2026-1-300x200.webp 300w, https:\/\/www.notesdestyles.com\/blog\/wp-content\/uploads\/2026\/03\/tendance-deco-printemps-2026-1-400x267.webp 400w, https:\/\/www.notesdestyles.com\/blog\/wp-content\/uploads\/2026\/03\/tendance-deco-printemps-2026-1-600x400.webp 600w, https:\/\/www.notesdestyles.com\/blog\/wp-content\/uploads\/2026\/03\/tendance-deco-printemps-2026-1-768x512.webp 768w, https:\/\/www.notesdestyles.com\/blog\/wp-content\/uploads\/2026\/03\/tendance-deco-printemps-2026-1-800x533.webp 800w, https:\/\/www.notesdestyles.com\/blog\/wp-content\/uploads\/2026\/03\/tendance-deco-printemps-2026-1-1024x683.webp 1024w, https:\/\/www.notesdestyles.com\/blog\/wp-content\/uploads\/2026\/03\/tendance-deco-printemps-2026-1-1200x800.webp 1200w, https:\/\/www.notesdestyles.com\/blog\/wp-content\/uploads\/2026\/03\/tendance-deco-printemps-2026-1.webp 1536w\" sizes=\"(max-width: 1024px) 100vw, 1024px\" \/>\n\t\t\t<\/dt><\/dl><dl class='gallery-item'>\n\t\t\t<dt class='gallery-icon landscape'>\n\t\t\t\t<img decoding=\"async\" width=\"1024\" height=\"683\" src=\"https:\/\/www.notesdestyles.com\/blog\/wp-content\/uploads\/2026\/03\/tendance-deco-printemps-2026-2-1024x683.webp\" class=\"attachment-large size-large\" alt=\"tendance d\u00e9co printemps 2026\" srcset=\"https:\/\/www.notesdestyles.com\/blog\/wp-content\/uploads\/2026\/03\/tendance-deco-printemps-2026-2-200x133.webp 200w, https:\/\/www.notesdestyles.com\/blog\/wp-content\/uploads\/2026\/03\/tendance-deco-printemps-2026-2-300x200.webp 300w, https:\/\/www.notesdestyles.com\/blog\/wp-content\/uploads\/2026\/03\/tendance-deco-printemps-2026-2-400x267.webp 400w, https:\/\/www.notesdestyles.com\/blog\/wp-content\/uploads\/2026\/03\/tendance-deco-printemps-2026-2-600x400.webp 600w, https:\/\/www.notesdestyles.com\/blog\/wp-content\/uploads\/2026\/03\/tendance-deco-printemps-2026-2-768x512.webp 768w, https:\/\/www.notesdestyles.com\/blog\/wp-content\/uploads\/2026\/03\/tendance-deco-printemps-2026-2-800x533.webp 800w, https:\/\/www.notesdestyles.com\/blog\/wp-content\/uploads\/2026\/03\/tendance-deco-printemps-2026-2-1024x683.webp 1024w, https:\/\/www.notesdestyles.com\/blog\/wp-content\/uploads\/2026\/03\/tendance-deco-printemps-2026-2-1200x800.webp 1200w, https:\/\/www.notesdestyles.com\/blog\/wp-content\/uploads\/2026\/03\/tendance-deco-printemps-2026-2.webp 1536w\" sizes=\"(max-width: 1024px) 100vw, 1024px\" \/>\n\t\t\t<\/dt><\/dl><br style=\"clear: both\" \/>\n\t\t<\/div>\n\n<h2>Comment int\u00e9grer la tendance d\u00e9co printemps 2026 pi\u00e8ce par pi\u00e8ce<\/h2>\n<p>Observer une inspiration reste une chose. L\u2019adapter \u00e0 son quotidien en est une autre. La tendance de ce printemps se d\u00e9cline de fa\u00e7on diff\u00e9rente selon les pi\u00e8ces, les contraintes et les habitudes de vie.<\/p>\n<h3>Salon et espaces de vie : convivialit\u00e9 et circulation<\/h3>\n<p>Les espaces de r\u00e9ception privil\u00e9gient d\u00e9sormais les compositions ouvertes. Tables ovales, tapis textur\u00e9s et \u00e9clairages indirects favorisent la convivialit\u00e9 sans alourdir les volumes.<\/p>\n<p>L\u2019architecte d\u2019int\u00e9rieur travaille ici les perspectives : alignement du mobilier, gestion des hauteurs et optimisation des passages.<\/p>\n<h3>Cuisine et salle de bains : mati\u00e8res naturelles et contrastes doux<\/h3>\n<p>Dans les pi\u00e8ces techniques, les fa\u00e7ades bois, la pierre ou les finitions mates s\u2019imposent progressivement. Les contrastes deviennent subtils : poign\u00e9es discr\u00e8tes, robinetterie \u00e9l\u00e9gante, niches fonctionnelles.<\/p>\n<p>Une conception sur mesure permet \u00e9galement d\u2019optimiser le rangement tout en conservant une esth\u00e9tique \u00e9pur\u00e9e.<\/p>\n<h3>Chambre : couleurs enveloppantes et ambiance apaisante<\/h3>\n<p>La chambre adopte des teintes profondes favorisant le repos. T\u00eates de lit int\u00e9gr\u00e9es, \u00e9clairages indirects ou textiles g\u00e9n\u00e9reux participent \u00e0 cr\u00e9er une atmosph\u00e8re intime.<\/p>\n<p>Le r\u00f4le de l\u2019architecte consiste ici \u00e0 \u00e9quilibrer d\u00e9coration et ergonomie : circulation autour du lit, int\u00e9gration des rangements ou isolation phonique.<\/p>\n<h3>Entr\u00e9e et circulation : structurer sans cloisonner<\/h3>\n<p>Les murs deviennent de v\u00e9ritables outils architecturaux. Rayures verticales, papiers peints panoramiques ou soubassements color\u00e9s permettent de guider les d\u00e9placements.<\/p>\n<p>Ces solutions remplacent parfois des cloisons, pr\u00e9servant la luminosit\u00e9 tout en organisant les volumes \u2014 une application tr\u00e8s concr\u00e8te de la tendance d\u00e9co printemps 2026.<\/p>\n<h2>Vintage revisit\u00e9 et N\u00e9o D\u00e9co : le retour du caract\u00e8re ma\u00eetris\u00e9<\/h2>\n<p>Le glamour revient discr\u00e8tement dans les int\u00e9rieurs contemporains, mais avec mesure : c\u2019est l\u2019une des signatures de la tendance d\u00e9co printemps 2026, qui privil\u00e9gie la personnalit\u00e9 plut\u00f4t que l\u2019effet \u00ab\u2009waouh\u2009\u00bb instantan\u00e9.<\/p>\n<h3>Influences Art d\u00e9co modernis\u00e9es<\/h3>\n<p>Laiton bross\u00e9, chrome, marbre ou lignes graphiques \u00e9voquent les ann\u00e9es 30 tout en restant actuels. Ces d\u00e9tails apportent de la profondeur sans tomber dans l\u2019effet d\u00e9coratif excessif.<\/p>\n<p>Dans les projets professionnels ou r\u00e9sidentiels, ces \u00e9l\u00e9ments structurent souvent les zones cl\u00e9s : entr\u00e9e, cuisine ou salle d\u2019eau.<\/p>\n<h3>M\u00e9langer ancien et contemporain sans d\u00e9s\u00e9quilibrer l\u2019espace<\/h3>\n<p>Associer mobilier ancien et architecture moderne demande une r\u00e9elle ma\u00eetrise des proportions.<\/p>\n<p>Un parquet existant peut dialoguer avec une cuisine contemporaine, tandis qu\u2019une table chin\u00e9e devient une pi\u00e8ce signature dans un espace plus \u00e9pur\u00e9.<\/p>\n<p>Le regard ext\u00e9rieur d\u2019un architecte d\u2019int\u00e9rieur \u00e9vite les ruptures visuelles et garantit l\u2019harmonie d\u2019ensemble.<\/p>\n<h2>Les erreurs fr\u00e9quentes lorsque l\u2019on suit une tendance d\u00e9co<\/h2>\n<p>Adopter la tendance d\u00e9co printemps 2026 sans r\u00e9flexion globale peut rapidement conduire \u00e0 des d\u00e9ceptions. C\u2019est souvent l\u00e0 que l\u2019accompagnement fait toute la diff\u00e9rence.<\/p>\n<h3>Copier une inspiration sans penser aux usages<\/h3>\n<p>Un int\u00e9rieur vu sur les r\u00e9seaux sociaux ne correspond pas toujours \u00e0 une famille, \u00e0 un rythme de vie ou \u00e0 des contraintes techniques.<\/p>\n<p>Rangements insuffisants, mat\u00e9riaux fragiles ou circulation mal pens\u00e9e peuvent nuire au confort quotidien.<\/p>\n<h3>Multiplier les inspirations sans fil conducteur<\/h3>\n<p>Accumuler styles et mati\u00e8res entra\u00eene souvent une perte de coh\u00e9rence. Budget d\u00e9pass\u00e9, interventions successives ou choix contradictoires compliquent la r\u00e9alisation.<\/p>\n<p>L\u2019accompagnement propos\u00e9 par Notes de Styles permet d\u2019anticiper ces difficult\u00e9s gr\u00e2ce \u00e0 une vision globale int\u00e9grant d\u00e9coration, r\u00e9novation et ma\u00eetrise d\u2019\u0153uvre.<\/p>\n<h2>Pourquoi un architecte d\u2019int\u00e9rieur transforme une tendance en projet durable<\/h2>\n<p>Suivre une inspiration ne suffit pas \u00e0 r\u00e9ussir une transformation d\u2019habitat. Avec la tendance d\u00e9co printemps 2026, l\u2019enjeu est de conserver une coh\u00e9rence dans le temps, au-del\u00e0 de la saison.<\/p>\n<h3>Coh\u00e9rence esth\u00e9tique et ma\u00eetrise technique<\/h3>\n<p>Un projet d\u2019architecture int\u00e9rieure n\u00e9cessite des plans pr\u00e9cis, une s\u00e9lection rigoureuse des mat\u00e9riaux et une coordination des corps de m\u00e9tier.<\/p>\n<p>L\u2019architecte d\u2019int\u00e9rieur assure cette continuit\u00e9 entre id\u00e9e initiale et r\u00e9alisation concr\u00e8te.<\/p>\n<h3>Budget, artisans et suivi de chantier<\/h3>\n<p>Gr\u00e2ce \u00e0 son r\u00e9seau d\u2019entreprises partenaires, Notes de Styles accompagne chaque \u00e9tape : conception, r\u00e9novation, extension ou am\u00e9nagement ext\u00e9rieur.<\/p>\n<p>Le suivi de chantier garantit le respect des d\u00e9lais, des normes et du budget, tout en s\u00e9curisant les d\u00e9cisions techniques.<\/p>\n<h2>Transformer les inspirations en v\u00e9ritable projet de vie<\/h2>\n<p>La tendance d\u00e9co printemps 2026 confirme une \u00e9volution durable : formes enveloppantes, couleurs chaleureuses, mati\u00e8res naturelles et vintage revisit\u00e9 participent \u00e0 cr\u00e9er des int\u00e9rieurs plus humains.<\/p>\n<p>Mais suivre une mode ne suffit pas. Chaque habitat poss\u00e8de ses contraintes, son histoire et ses usages. Transformer une inspiration en projet r\u00e9ussi demande une r\u00e9flexion globale sur les volumes, la lumi\u00e8re, les mat\u00e9riaux et la circulation.<\/p>\n<p>Faire appel \u00e0 une agence du r\u00e9seau Notes de Styles, c\u2019est b\u00e9n\u00e9ficier d\u2019un accompagnement complet, de la conception \u00e0 la r\u00e9alisation, pour imaginer un int\u00e9rieur coh\u00e9rent, durable et parfaitement adapt\u00e9 \u00e0 votre quotidien.<\/p>\n<p>Envie de concr\u00e9tiser la tendance d\u00e9co printemps 2026 chez vous, sans faux pas\u2009? Contactez l\u2019agence Notes de Styles la plus proche : vos envies prennent forme, avec m\u00e9thode, cr\u00e9ativit\u00e9 et un vrai sens du d\u00e9tail.<\/p>\n<div>Partout en France \u00e0 travers nos diff\u00e9rentes agences, nous saurons r\u00e9pondre \u00e0 vos attentes :<\/div>\n<ul style=\"margin: 20px 0px 0px 50px;\">\n<li style=\"text-align: left;\"><a href=\"https:\/\/www.notesdestyles.com\/nos-agences\/architecte-dinterieur-haute-savoie\/architecte-dinterieur-annecy\/\">Agence d\u2019architecture d\u2019int\u00e9rieur Annecy<\/a><\/li>\n<li style=\"text-align: left;\"><a href=\"https:\/\/www.notesdestyles.com\/nos-agences\/architecte-dinterieur-vaucluse\/architecte-dinterieur-avignon\/\">Agence d\u2019architecture d\u2019int\u00e9rieur Avignon<\/a><\/li>\n<li style=\"text-align: left;\"><a href=\"https:\/\/www.notesdestyles.com\/nos-agences\/architecte-dinterieur-pyrenees-atlantiques-pays-basque\/architecte-dinterieur-bayonne\/\">Agence d\u2019architecture d\u2019int\u00e9rieur Bayonne<\/a><\/li>\n<li style=\"text-align: left;\"><a href=\"https:\/\/www.notesdestyles.com\/nos-agences\/architecte-dinterieur-pyrenees-atlantiques-pays-basque\/architecte-dinterieur-biarritz\/\">Agence d\u2019architecture d\u2019int\u00e9rieur Biarritz<\/a><\/li>\n<li style=\"text-align: left;\"><a href=\"https:\/\/www.notesdestyles.com\/nos-agences\/architecte-dinterieur-en-gironde\/architecte-dinterieur-bordeaux\/\">Agence d\u2019architecture d\u2019int\u00e9rieur Bordeaux<\/a><\/li>\n<li style=\"text-align: left;\"><a href=\"https:\/\/www.notesdestyles.com\/nos-agences\/architecte-dinterieur-haut-rhin\/architecte-dinterieur-colmar\/\">Agence d\u2019architecture d\u2019int\u00e9rieur Colmar<\/a><\/li>\n<li style=\"text-align: left;\"><a href=\"https:\/\/www.notesdestyles.com\/nos-agences\/agence-notes-de-styles-cotes-darmor\/\">Agence d\u2019architecture d\u2019int\u00e9rieur C\u00f4tes-d&rsquo;Armor<\/a><\/li>\n<li style=\"text-align: left;\"><a href=\"https:\/\/www.notesdestyles.com\/nos-agences\/architecte-dinterieur-cote-dor\/architecte-dinterieur-dijon\/\">Agence d\u2019architecture d\u2019int\u00e9rieur Dijon<\/a><\/li>\n<li style=\"text-align: left;\"><a href=\"https:\/\/www.notesdestyles.com\/nos-agences\/agence-notes-de-styles-essonne\/\">Agence d\u2019architecture d\u2019int\u00e9rieur Essonne<\/a><\/li>\n<li style=\"text-align: left;\"><a href=\"https:\/\/www.notesdestyles.com\/nos-agences\/architecte-dinterieur-haute-garonne\/architecte-dinterieur-gers\/\">Agence d\u2019architecture d\u2019int\u00e9rieur Gers<\/a><\/li>\n<li style=\"text-align: left;\"><a href=\"https:\/\/www.notesdestyles.com\/nos-agences\/architecte-dinterieur-isere\/architecte-dinterieur-grenoble\/\">Agence d\u2019architecture d\u2019int\u00e9rieur Grenoble<\/a><\/li>\n<li style=\"text-align: left;\"><a href=\"https:\/\/www.notesdestyles.com\/nos-agences\/architecte-dinterieur-haute-loire\/architecte-dinterieur-le-puy-en-velay\/\">Agence d\u2019architecture d\u2019int\u00e9rieur Le-Puy-en-Velay<\/a><\/li>\n<li style=\"text-align: left;\"><a href=\"https:\/\/www.notesdestyles.com\/nos-agences\/agence-notes-de-styles-nord-pas-de-calais\/architecte-dinterieur-lille\/\">Agence d\u2019architecture d\u2019int\u00e9rieur Lille<\/a><\/li>\n<li style=\"text-align: left;\"><a href=\"https:\/\/www.notesdestyles.com\/nos-agences\/architecte-dinterieur-rhone\/agence-notes-de-styles-lyon\/\">Agence d\u2019architecture d\u2019int\u00e9rieur Lyon<\/a><\/li>\n<li style=\"text-align: left;\"><a href=\"https:\/\/www.notesdestyles.com\/nos-agences\/architecte-dinterieur-seine-et-marne\/agence-notes-de-styles-marne-la-vallee\/\">Agence d\u2019architecture d\u2019int\u00e9rieur Marne la Vall\u00e9e<\/a><\/li>\n<li style=\"text-align: left;\"><a href=\"https:\/\/www.notesdestyles.com\/nos-agences\/architecte-dinterieur-bouches-du-rhone\/agence-notes-de-styles-marseille\/\">Agence d\u2019architecture d\u2019int\u00e9rieur Marseille<\/a><\/li>\n<li style=\"text-align: left;\"><a href=\"https:\/\/www.notesdestyles.com\/nos-agences\/architecte-dinterieur-moselle\/architecte-dinterieur-metz\/\">Agence d\u2019architecture d\u2019int\u00e9rieur Metz<\/a><\/li>\n<li style=\"text-align: left;\"><a href=\"https:\/\/www.notesdestyles.com\/nos-agences\/architecte-dinterieur-herault\/agence-notes-de-styles-montpellier\/\">Agence d\u2019architecture d\u2019int\u00e9rieur Montpellier<\/a><\/li>\n<li style=\"text-align: left;\"><a href=\"https:\/\/www.notesdestyles.com\/nos-agences\/architecte-dinterieur-meurthe-et-moselle\/agence-notes-de-styles-nancy\/\">Agence d\u2019architecture d\u2019int\u00e9rieur Nancy<\/a><\/li>\n<li style=\"text-align: left;\"><a href=\"https:\/\/www.notesdestyles.com\/nos-agences\/architecte-dinterieur-pyrenees-orientales\/agence-notes-de-styles-narbonne\/\">Agence d\u2019architecture d\u2019int\u00e9rieur Narbonne<\/a><\/li>\n<li style=\"text-align: left;\"><a href=\"https:\/\/www.notesdestyles.com\/nos-agences\/architecte-dinterieur-alpes-maritimes\/architecte-dinterieur-nice\/\">Agence d\u2019architecture d\u2019int\u00e9rieur Nice<\/a><\/li>\n<li style=\"text-align: left;\"><a href=\"https:\/\/www.notesdestyles.com\/nos-agences\/architecte-dinterieur-gard\/architecte-dinterieur-nimes\/\">Agence d\u2019architecture d\u2019int\u00e9rieur N\u00eemes<\/a><\/li>\n<li style=\"text-align: left;\"><a href=\"https:\/\/www.notesdestyles.com\/nos-agences\/agence-notes-de-styles-nord-pas-de-calais\/\">Agence d\u2019architecture d\u2019int\u00e9rieur Nord-Pas-de-Calais<\/a><\/li>\n<li style=\"text-align: left;\"><a href=\"https:\/\/www.notesdestyles.com\/nos-agences\/architecte-dinterieur-pyrenees-orientales\/architecte-dinterieur-perpignan\/\">Agence d\u2019architecture d\u2019int\u00e9rieur Perpignan<\/a><\/li>\n<li style=\"text-align: left;\"><a href=\"https:\/\/www.notesdestyles.com\/nos-agences\/architecte-dinterieur-ille-et-vilaine\/architecte-dinterieur-rennes\/\">Agence d\u2019architecture d\u2019int\u00e9rieur Rennes<\/a><\/li>\n<li style=\"text-align: left;\"><a href=\"https:\/\/www.notesdestyles.com\/nos-agences\/architecte-dinterieur-haute-loire\/architecte-dinterieur-saint-etienne\/\">Agence d\u2019architecture d\u2019int\u00e9rieur Saint-Etienne<\/a><\/li>\n<li style=\"text-align: left;\"><a href=\"https:\/\/www.notesdestyles.com\/nos-agences\/architecte-dinterieur-var\/architecte-dinterieur-saint-raphael\/\">Agence d\u2019architecture d\u2019int\u00e9rieur Saint-Rapha\u00ebl<\/a><\/li>\n<li style=\"text-align: left;\"><a href=\"https:\/\/www.notesdestyles.com\/nos-agences\/architecte-dinterieur-bas-rhin\/agence-notes-de-styles-strasbourg\/\">Agence d\u2019architecture d\u2019int\u00e9rieur Strasbourg<\/a><\/li>\n<li style=\"text-align: left;\"><a href=\"https:\/\/www.notesdestyles.com\/nos-agences\/architecte-dinterieur-var\/architecte-dinterieur-toulon\/\">Agence d\u2019architecture d\u2019int\u00e9rieur Toulon<\/a><\/li>\n<li style=\"text-align: left;\"><a href=\"https:\/\/www.notesdestyles.com\/nos-agences\/architecte-dinterieur-haute-garonne\/agence-notes-de-styles-toulouse\/\">Agence d\u2019architecture d\u2019int\u00e9rieur Toulouse<\/a><\/li>\n<li style=\"text-align: left;\"><a href=\"https:\/\/www.notesdestyles.com\/nos-agences\/architecte-dinterieur-yvelines\/\">Agence d\u2019architecture d\u2019int\u00e9rieur Yvelines<\/a><\/li>\n<\/ul>\n","protected":false},"excerpt":{"rendered":"<p>La tendance d\u00e9co printemps 2026 ne se limite pas \u00e0 une succession d\u2019objets ou de palettes \u00e0 reproduire chez soi.<br \/>\nD\u00e9couvrez la tendance d\u00e9co printemps 2026 : couleurs, mati\u00e8res et id\u00e9es pour un int\u00e9rieur lumineux et contemporain.<\/p>\n","protected":false},"author":1,"featured_media":43358,"comment_status":"closed","ping_status":"closed","sticky":false,"template":"","format":"standard","meta":{"inline_featured_image":false,"footnotes":""},"categories":[289],"tags":[],"class_list":["post-43357","post","type-post","status-publish","format-standard","has-post-thumbnail","hentry","category-deco"],"yoast_head":"<!-- This site is optimized with the Yoast SEO plugin v27.2 - https:\/\/yoast.com\/product\/yoast-seo-wordpress\/ -->\n<title>endance d\u00e9co printemps 2026 : couleurs et inspirations<\/title>\n<meta name=\"description\" content=\"D\u00e9couvrez la tendance d\u00e9co printemps 2026 : couleurs, mati\u00e8res et id\u00e9es pour un int\u00e9rieur lumineux et contemporain.\" \/>\n<meta name=\"robots\" content=\"index, follow, max-snippet:-1, max-image-preview:large, max-video-preview:-1\" \/>\n<link rel=\"canonical\" href=\"https:\/\/www.notesdestyles.com\/blog\/tendance-deco-printemps-2026-couleurs-matieres-et-inspirations-pour-transformer-votre-interieur\/\" \/>\n<meta property=\"og:locale\" content=\"fr_FR\" \/>\n<meta property=\"og:type\" content=\"article\" \/>\n<meta property=\"og:title\" content=\"Tendance d\u00e9co printemps 2026 : couleurs et inspirations\" \/>\n<meta property=\"og:description\" content=\"D\u00e9couvrez la tendance d\u00e9co printemps 2026 : couleurs, mati\u00e8res et id\u00e9es pour un int\u00e9rieur lumineux et contemporain.\" \/>\n<meta property=\"og:url\" content=\"https:\/\/www.notesdestyles.com\/blog\/tendance-deco-printemps-2026-couleurs-matieres-et-inspirations-pour-transformer-votre-interieur\/\" \/>\n<meta property=\"og:site_name\" content=\"Notes de styles, le blog\" \/>\n<meta property=\"article:published_time\" content=\"2026-02-26T13:25:20+00:00\" \/>\n<meta property=\"article:modified_time\" content=\"2026-03-26T13:30:00+00:00\" \/>\n<meta property=\"og:image\" content=\"https:\/\/www.notesdestyles.com\/blog\/wp-content\/uploads\/2026\/03\/tendance-deco-printemps-2026.webp\" \/>\n\t<meta property=\"og:image:width\" content=\"1536\" \/>\n\t<meta property=\"og:image:height\" content=\"1024\" \/>\n\t<meta property=\"og:image:type\" content=\"image\/webp\" \/>\n<meta name=\"author\" content=\"Notes de Styles\" \/>\n<meta name=\"twitter:card\" content=\"summary_large_image\" \/>\n<meta name=\"twitter:label1\" content=\"\u00c9crit par\" \/>\n\t<meta name=\"twitter:data1\" content=\"Notes de Styles\" \/>\n\t<meta name=\"twitter:label2\" content=\"Dur\u00e9e de lecture estim\u00e9e\" \/>\n\t<meta name=\"twitter:data2\" content=\"9 minutes\" \/>\n<script type=\"application\/ld+json\" class=\"yoast-schema-graph\">{\"@context\":\"https:\/\/schema.org\",\"@graph\":[{\"@type\":\"Article\",\"@id\":\"https:\/\/www.notesdestyles.com\/blog\/tendance-deco-printemps-2026-couleurs-matieres-et-inspirations-pour-transformer-votre-interieur\/#article\",\"isPartOf\":{\"@id\":\"https:\/\/www.notesdestyles.com\/blog\/tendance-deco-printemps-2026-couleurs-matieres-et-inspirations-pour-transformer-votre-interieur\/\"},\"author\":{\"name\":\"Notes de Styles\",\"@id\":\"https:\/\/www.notesdestyles.com\/blog\/#\/schema\/person\/a2612f97ce1c0a5e44079cc7df75eb3d\"},\"headline\":\"Tendance d\u00e9co printemps 2026 : couleurs, mati\u00e8res et inspirations pour transformer votre int\u00e9rieur\",\"datePublished\":\"2026-02-26T13:25:20+00:00\",\"dateModified\":\"2026-03-26T13:30:00+00:00\",\"mainEntityOfPage\":{\"@id\":\"https:\/\/www.notesdestyles.com\/blog\/tendance-deco-printemps-2026-couleurs-matieres-et-inspirations-pour-transformer-votre-interieur\/\"},\"wordCount\":1932,\"image\":{\"@id\":\"https:\/\/www.notesdestyles.com\/blog\/tendance-deco-printemps-2026-couleurs-matieres-et-inspirations-pour-transformer-votre-interieur\/#primaryimage\"},\"thumbnailUrl\":\"https:\/\/www.notesdestyles.com\/blog\/wp-content\/uploads\/2026\/03\/tendance-deco-printemps-2026.webp\",\"articleSection\":[\"D\u00e9co\"],\"inLanguage\":\"fr-FR\"},{\"@type\":\"WebPage\",\"@id\":\"https:\/\/www.notesdestyles.com\/blog\/tendance-deco-printemps-2026-couleurs-matieres-et-inspirations-pour-transformer-votre-interieur\/\",\"url\":\"https:\/\/www.notesdestyles.com\/blog\/tendance-deco-printemps-2026-couleurs-matieres-et-inspirations-pour-transformer-votre-interieur\/\",\"name\":\"endance d\u00e9co printemps 2026 : couleurs et inspirations\",\"isPartOf\":{\"@id\":\"https:\/\/www.notesdestyles.com\/blog\/#website\"},\"primaryImageOfPage\":{\"@id\":\"https:\/\/www.notesdestyles.com\/blog\/tendance-deco-printemps-2026-couleurs-matieres-et-inspirations-pour-transformer-votre-interieur\/#primaryimage\"},\"image\":{\"@id\":\"https:\/\/www.notesdestyles.com\/blog\/tendance-deco-printemps-2026-couleurs-matieres-et-inspirations-pour-transformer-votre-interieur\/#primaryimage\"},\"thumbnailUrl\":\"https:\/\/www.notesdestyles.com\/blog\/wp-content\/uploads\/2026\/03\/tendance-deco-printemps-2026.webp\",\"datePublished\":\"2026-02-26T13:25:20+00:00\",\"dateModified\":\"2026-03-26T13:30:00+00:00\",\"author\":{\"@id\":\"https:\/\/www.notesdestyles.com\/blog\/#\/schema\/person\/a2612f97ce1c0a5e44079cc7df75eb3d\"},\"description\":\"D\u00e9couvrez la tendance d\u00e9co printemps 2026 : couleurs, mati\u00e8res et id\u00e9es pour un int\u00e9rieur lumineux et contemporain.\",\"breadcrumb\":{\"@id\":\"https:\/\/www.notesdestyles.com\/blog\/tendance-deco-printemps-2026-couleurs-matieres-et-inspirations-pour-transformer-votre-interieur\/#breadcrumb\"},\"inLanguage\":\"fr-FR\",\"potentialAction\":[{\"@type\":\"ReadAction\",\"target\":[\"https:\/\/www.notesdestyles.com\/blog\/tendance-deco-printemps-2026-couleurs-matieres-et-inspirations-pour-transformer-votre-interieur\/\"]}]},{\"@type\":\"ImageObject\",\"inLanguage\":\"fr-FR\",\"@id\":\"https:\/\/www.notesdestyles.com\/blog\/tendance-deco-printemps-2026-couleurs-matieres-et-inspirations-pour-transformer-votre-interieur\/#primaryimage\",\"url\":\"https:\/\/www.notesdestyles.com\/blog\/wp-content\/uploads\/2026\/03\/tendance-deco-printemps-2026.webp\",\"contentUrl\":\"https:\/\/www.notesdestyles.com\/blog\/wp-content\/uploads\/2026\/03\/tendance-deco-printemps-2026.webp\",\"width\":1536,\"height\":1024,\"caption\":\"tendance d\u00e9co printemps 2026\"},{\"@type\":\"BreadcrumbList\",\"@id\":\"https:\/\/www.notesdestyles.com\/blog\/tendance-deco-printemps-2026-couleurs-matieres-et-inspirations-pour-transformer-votre-interieur\/#breadcrumb\",\"itemListElement\":[{\"@type\":\"ListItem\",\"position\":1,\"name\":\"Accueil\",\"item\":\"https:\/\/www.notesdestyles.com\/blog\/\"},{\"@type\":\"ListItem\",\"position\":2,\"name\":\"Tendance d\u00e9co printemps 2026 : couleurs, mati\u00e8res et inspirations pour transformer votre int\u00e9rieur\"}]},{\"@type\":\"WebSite\",\"@id\":\"https:\/\/www.notesdestyles.com\/blog\/#website\",\"url\":\"https:\/\/www.notesdestyles.com\/blog\/\",\"name\":\"Notes de styles, le blog\",\"description\":\"D\u00e9coration, tendance, actu, d\u00e9couvrez les coups de c\u0153ur Notes de Styles\",\"potentialAction\":[{\"@type\":\"SearchAction\",\"target\":{\"@type\":\"EntryPoint\",\"urlTemplate\":\"https:\/\/www.notesdestyles.com\/blog\/?s={search_term_string}\"},\"query-input\":{\"@type\":\"PropertyValueSpecification\",\"valueRequired\":true,\"valueName\":\"search_term_string\"}}],\"inLanguage\":\"fr-FR\"},{\"@type\":\"Person\",\"@id\":\"https:\/\/www.notesdestyles.com\/blog\/#\/schema\/person\/a2612f97ce1c0a5e44079cc7df75eb3d\",\"name\":\"Notes de Styles\",\"image\":{\"@type\":\"ImageObject\",\"inLanguage\":\"fr-FR\",\"@id\":\"https:\/\/secure.gravatar.com\/avatar\/1125bf2b163511c03aaae685dcbaec3123abb1666cb8e960f5519250e0d63d46?s=96&d=mm&r=g\",\"url\":\"https:\/\/secure.gravatar.com\/avatar\/1125bf2b163511c03aaae685dcbaec3123abb1666cb8e960f5519250e0d63d46?s=96&d=mm&r=g\",\"contentUrl\":\"https:\/\/secure.gravatar.com\/avatar\/1125bf2b163511c03aaae685dcbaec3123abb1666cb8e960f5519250e0d63d46?s=96&d=mm&r=g\",\"caption\":\"Notes de Styles\"},\"sameAs\":[\"https:\/\/www.notesdestyles.com\/blog\"]}]}<\/script>\n<!-- \/ Yoast SEO plugin. -->","yoast_head_json":{"title":"endance d\u00e9co printemps 2026 : couleurs et inspirations","description":"D\u00e9couvrez la tendance d\u00e9co printemps 2026 : couleurs, mati\u00e8res et id\u00e9es pour un int\u00e9rieur lumineux et contemporain.","robots":{"index":"index","follow":"follow","max-snippet":"max-snippet:-1","max-image-preview":"max-image-preview:large","max-video-preview":"max-video-preview:-1"},"canonical":"https:\/\/www.notesdestyles.com\/blog\/tendance-deco-printemps-2026-couleurs-matieres-et-inspirations-pour-transformer-votre-interieur\/","og_locale":"fr_FR","og_type":"article","og_title":"Tendance d\u00e9co printemps 2026 : couleurs et inspirations","og_description":"D\u00e9couvrez la tendance d\u00e9co printemps 2026 : couleurs, mati\u00e8res et id\u00e9es pour un int\u00e9rieur lumineux et contemporain.","og_url":"https:\/\/www.notesdestyles.com\/blog\/tendance-deco-printemps-2026-couleurs-matieres-et-inspirations-pour-transformer-votre-interieur\/","og_site_name":"Notes de styles, le blog","article_published_time":"2026-02-26T13:25:20+00:00","article_modified_time":"2026-03-26T13:30:00+00:00","og_image":[{"width":1536,"height":1024,"url":"https:\/\/www.notesdestyles.com\/blog\/wp-content\/uploads\/2026\/03\/tendance-deco-printemps-2026.webp","type":"image\/webp"}],"author":"Notes de Styles","twitter_card":"summary_large_image","twitter_misc":{"\u00c9crit par":"Notes de Styles","Dur\u00e9e de lecture estim\u00e9e":"9 minutes"},"schema":{"@context":"https:\/\/schema.org","@graph":[{"@type":"Article","@id":"https:\/\/www.notesdestyles.com\/blog\/tendance-deco-printemps-2026-couleurs-matieres-et-inspirations-pour-transformer-votre-interieur\/#article","isPartOf":{"@id":"https:\/\/www.notesdestyles.com\/blog\/tendance-deco-printemps-2026-couleurs-matieres-et-inspirations-pour-transformer-votre-interieur\/"},"author":{"name":"Notes de Styles","@id":"https:\/\/www.notesdestyles.com\/blog\/#\/schema\/person\/a2612f97ce1c0a5e44079cc7df75eb3d"},"headline":"Tendance d\u00e9co printemps 2026 : couleurs, mati\u00e8res et inspirations pour transformer votre int\u00e9rieur","datePublished":"2026-02-26T13:25:20+00:00","dateModified":"2026-03-26T13:30:00+00:00","mainEntityOfPage":{"@id":"https:\/\/www.notesdestyles.com\/blog\/tendance-deco-printemps-2026-couleurs-matieres-et-inspirations-pour-transformer-votre-interieur\/"},"wordCount":1932,"image":{"@id":"https:\/\/www.notesdestyles.com\/blog\/tendance-deco-printemps-2026-couleurs-matieres-et-inspirations-pour-transformer-votre-interieur\/#primaryimage"},"thumbnailUrl":"https:\/\/www.notesdestyles.com\/blog\/wp-content\/uploads\/2026\/03\/tendance-deco-printemps-2026.webp","articleSection":["D\u00e9co"],"inLanguage":"fr-FR"},{"@type":"WebPage","@id":"https:\/\/www.notesdestyles.com\/blog\/tendance-deco-printemps-2026-couleurs-matieres-et-inspirations-pour-transformer-votre-interieur\/","url":"https:\/\/www.notesdestyles.com\/blog\/tendance-deco-printemps-2026-couleurs-matieres-et-inspirations-pour-transformer-votre-interieur\/","name":"endance d\u00e9co printemps 2026 : couleurs et inspirations","isPartOf":{"@id":"https:\/\/www.notesdestyles.com\/blog\/#website"},"primaryImageOfPage":{"@id":"https:\/\/www.notesdestyles.com\/blog\/tendance-deco-printemps-2026-couleurs-matieres-et-inspirations-pour-transformer-votre-interieur\/#primaryimage"},"image":{"@id":"https:\/\/www.notesdestyles.com\/blog\/tendance-deco-printemps-2026-couleurs-matieres-et-inspirations-pour-transformer-votre-interieur\/#primaryimage"},"thumbnailUrl":"https:\/\/www.notesdestyles.com\/blog\/wp-content\/uploads\/2026\/03\/tendance-deco-printemps-2026.webp","datePublished":"2026-02-26T13:25:20+00:00","dateModified":"2026-03-26T13:30:00+00:00","author":{"@id":"https:\/\/www.notesdestyles.com\/blog\/#\/schema\/person\/a2612f97ce1c0a5e44079cc7df75eb3d"},"description":"D\u00e9couvrez la tendance d\u00e9co printemps 2026 : couleurs, mati\u00e8res et id\u00e9es pour un int\u00e9rieur lumineux et contemporain.","breadcrumb":{"@id":"https:\/\/www.notesdestyles.com\/blog\/tendance-deco-printemps-2026-couleurs-matieres-et-inspirations-pour-transformer-votre-interieur\/#breadcrumb"},"inLanguage":"fr-FR","potentialAction":[{"@type":"ReadAction","target":["https:\/\/www.notesdestyles.com\/blog\/tendance-deco-printemps-2026-couleurs-matieres-et-inspirations-pour-transformer-votre-interieur\/"]}]},{"@type":"ImageObject","inLanguage":"fr-FR","@id":"https:\/\/www.notesdestyles.com\/blog\/tendance-deco-printemps-2026-couleurs-matieres-et-inspirations-pour-transformer-votre-interieur\/#primaryimage","url":"https:\/\/www.notesdestyles.com\/blog\/wp-content\/uploads\/2026\/03\/tendance-deco-printemps-2026.webp","contentUrl":"https:\/\/www.notesdestyles.com\/blog\/wp-content\/uploads\/2026\/03\/tendance-deco-printemps-2026.webp","width":1536,"height":1024,"caption":"tendance d\u00e9co printemps 2026"},{"@type":"BreadcrumbList","@id":"https:\/\/www.notesdestyles.com\/blog\/tendance-deco-printemps-2026-couleurs-matieres-et-inspirations-pour-transformer-votre-interieur\/#breadcrumb","itemListElement":[{"@type":"ListItem","position":1,"name":"Accueil","item":"https:\/\/www.notesdestyles.com\/blog\/"},{"@type":"ListItem","position":2,"name":"Tendance d\u00e9co printemps 2026 : couleurs, mati\u00e8res et inspirations pour transformer votre int\u00e9rieur"}]},{"@type":"WebSite","@id":"https:\/\/www.notesdestyles.com\/blog\/#website","url":"https:\/\/www.notesdestyles.com\/blog\/","name":"Notes de styles, le blog","description":"D\u00e9coration, tendance, actu, d\u00e9couvrez les coups de c\u0153ur Notes de Styles","potentialAction":[{"@type":"SearchAction","target":{"@type":"EntryPoint","urlTemplate":"https:\/\/www.notesdestyles.com\/blog\/?s={search_term_string}"},"query-input":{"@type":"PropertyValueSpecification","valueRequired":true,"valueName":"search_term_string"}}],"inLanguage":"fr-FR"},{"@type":"Person","@id":"https:\/\/www.notesdestyles.com\/blog\/#\/schema\/person\/a2612f97ce1c0a5e44079cc7df75eb3d","name":"Notes de Styles","image":{"@type":"ImageObject","inLanguage":"fr-FR","@id":"https:\/\/secure.gravatar.com\/avatar\/1125bf2b163511c03aaae685dcbaec3123abb1666cb8e960f5519250e0d63d46?s=96&d=mm&r=g","url":"https:\/\/secure.gravatar.com\/avatar\/1125bf2b163511c03aaae685dcbaec3123abb1666cb8e960f5519250e0d63d46?s=96&d=mm&r=g","contentUrl":"https:\/\/secure.gravatar.com\/avatar\/1125bf2b163511c03aaae685dcbaec3123abb1666cb8e960f5519250e0d63d46?s=96&d=mm&r=g","caption":"Notes de Styles"},"sameAs":["https:\/\/www.notesdestyles.com\/blog"]}]}},"_links":{"self":[{"href":"https:\/\/www.notesdestyles.com\/blog\/wp-json\/wp\/v2\/posts\/43357","targetHints":{"allow":["GET"]}}],"collection":[{"href":"https:\/\/www.notesdestyles.com\/blog\/wp-json\/wp\/v2\/posts"}],"about":[{"href":"https:\/\/www.notesdestyles.com\/blog\/wp-json\/wp\/v2\/types\/post"}],"author":[{"embeddable":true,"href":"https:\/\/www.notesdestyles.com\/blog\/wp-json\/wp\/v2\/users\/1"}],"replies":[{"embeddable":true,"href":"https:\/\/www.notesdestyles.com\/blog\/wp-json\/wp\/v2\/comments?post=43357"}],"version-history":[{"count":8,"href":"https:\/\/www.notesdestyles.com\/blog\/wp-json\/wp\/v2\/posts\/43357\/revisions"}],"predecessor-version":[{"id":43405,"href":"https:\/\/www.notesdestyles.com\/blog\/wp-json\/wp\/v2\/posts\/43357\/revisions\/43405"}],"wp:featuredmedia":[{"embeddable":true,"href":"https:\/\/www.notesdestyles.com\/blog\/wp-json\/wp\/v2\/media\/43358"}],"wp:attachment":[{"href":"https:\/\/www.notesdestyles.com\/blog\/wp-json\/wp\/v2\/media?parent=43357"}],"wp:term":[{"taxonomy":"category","embeddable":true,"href":"https:\/\/www.notesdestyles.com\/blog\/wp-json\/wp\/v2\/categories?post=43357"},{"taxonomy":"post_tag","embeddable":true,"href":"https:\/\/www.notesdestyles.com\/blog\/wp-json\/wp\/v2\/tags?post=43357"}],"curies":[{"name":"wp","href":"https:\/\/api.w.org\/{rel}","templated":true}]}}